{"id":1002,"date":"2010-07-23T14:54:21","date_gmt":"2010-07-23T13:54:21","guid":{"rendered":"https:\/\/www.avatter.de\/wordpress\/?p=1002"},"modified":"2010-07-23T14:54:21","modified_gmt":"2010-07-23T13:54:21","slug":"iphone-4-apple-nennt-bedingungen-fur-gratis-gummi","status":"publish","type":"post","link":"https:\/\/www.avatter.de\/wordpress\/2010\/07\/iphone-4-apple-nennt-bedingungen-fur-gratis-gummi\/","title":{"rendered":"iPhone 4: Apple nennt Bedingungen f\u00fcr Gratis-Gummi"},"content":{"rendered":"<p><img loading=\"lazy\" decoding=\"async\" src=\"https:\/\/www.avatter.de\/wordpress\/wp-content\/uploads\/2010\/07\/screen-capture-7.png\" alt=\"\" title=\"screen-capture-7\" width=\"320\" height=\"423\" class=\"alignright size-full wp-image-1003\" srcset=\"https:\/\/www.avatter.de\/wordpress\/wp-content\/uploads\/2010\/07\/screen-capture-7.png 320w, https:\/\/www.avatter.de\/wordpress\/wp-content\/uploads\/2010\/07\/screen-capture-7-227x300.png 227w\" sizes=\"(max-width: 320px) 100vw, 320px\" \/>Es ist soweit, Apple beginnt mit dem Roll-Out der gro\u00dfen &#8222;Nimm, was du kriegen kannst&#8220;-Aktion f\u00fcr entt\u00e4uschte Nutzer des iPhone 4. Schon in der Nacht wurden <a href=\"http:\/\/www.macrumors.com\/2010\/07\/22\/apple-beginning-to-process-refunds-for-iphone-4-bumpers\/\" target=\"_blank\" rel=\"noopener noreferrer\">entsprechende Aufrufe<\/a> vereinzelt per Mail versendet, jetzt folgt die <a href=\"http:\/\/www.apple.com\/iphone\/case-program\/\" target=\"_blank\" rel=\"noopener noreferrer\">offizielle Ansage<\/a>. Am 16. Juli hatte Steve Jobs z\u00e4hneknirschend allen Kunden ein Gratis-Gummi (&#8222;Bumper&#8220;) oder &#8211; je nach Verf\u00fcgbarkeit &#8211; eine Schutzh\u00fclle f\u00fcr das iPhone 4 versprochen. Das Case soll daf\u00fcr sorgen, dass die Leitf\u00e4higkeit der Hand nicht l\u00e4nger die Antennenperformance beeintr\u00e4chtigt.<\/p>\n<p>Wer bereits Eigent\u00fcmer eines Bumpers ist und diesen direkt bei Apple gekauft hat, soll den Ank\u00fcndigungen nach den bezahlten Betrag zur\u00fcckerstattet bekommen: Wie dies bei deutschen Kunden geschehen soll, die bei Retail-Shops ihr Zubeh\u00f6r kauften, ist nicht bekannt. H\u00e4ndler wie Gravis haben sich noch nicht offiziell dazu ge\u00e4u\u00dfert, weshalb ich es auf einen Filialbesuch mit der Quittung in der Hand einfach mal ankommen lassen w\u00fcrde (haltet aber auch ein Auge auf deren <a href=\"http:\/\/twitter.com\/GRAVIS_Germany\" target=\"_blank\" rel=\"noopener noreferrer\">Twitter-Account<\/a>).<\/p>\n<p>Der eigentliche Antrag f\u00fcr einen Gratis-Bumper wird \u00fcber eine App abgewickelt, die ab heute <a href=\"http:\/\/www.itunes.com\/iphone4_case_program\" target=\"_blank\" rel=\"noopener noreferrer\">bei iTunes<\/a> zu finden ist. Die App ist ebenso wie der Versand der Ware kostenfrei. Apple kn\u00fcpft die Bestellung jedoch gleich an mehrere <a href=\"http:\/\/images.apple.com\/iphone\/case-program\/pdf\/iPhone4_Case_Program_US.pdf\" target=\"_blank\" rel=\"noopener noreferrer\">Bedingungen<\/a>, die Nutzer zu Kenntnis nehmen sollten: <!--more--><\/p>\n<ul>\n<li>Alle Antr\u00e4ge werden ausschlie\u00dflich \u00fcber die App entgegen genommen.<\/li>\n<li>Pro iPhone 4 darf nur ein Antrag gestellt werden.<\/li>\n<li>Die Auswahl der Bumper und Cases geschieht im &#8222;eigenen Ermessen&#8220; von Apple.<\/li>\n<li>Das Programm kann jederzeit &#8222;ohne Ank\u00fcndigung&#8220; eingestellt werden.<\/li>\n<\/ul>\n<p>F\u00fcr die Bestellung werden die <a href=\"http:\/\/de.wikipedia.org\/wiki\/International_Mobile_Equipment_Identity\" target=\"_blank\" rel=\"noopener noreferrer\">IMEI<\/a> sowie die Seriennummer des jeweiligen Ger\u00e4ts gepr\u00fcft, um Missbrauch zu vermeiden. Zudem werden die Kunden zur Eile gebeten: Wer sein iPhone 4 <em>vor<\/em> dem 23. Juli gekauft hat, muss den Antrag sp\u00e4testens bis zum 22. August abgeschickt haben. Alle anderen Kunden haben ab Kauf drei\u00dfig Tage Zeit, um den Bumper zu bestellen. Der 30. September markiert das vorl\u00e4ufige Ende der Aktion, wie es danach weiter geht, wei\u00df nur Apple.<\/p>\n<p>Auf einen schnellen Versand der H\u00fcllen sollte allerdings niemand hoffen. Laut App betr\u00e4gt die Lieferzeit aktuell &#8222;zwei bis vier Wochen&#8220;.<\/p>\n<p><object width=\"580\" height=\"460\"><param name=\"movie\" value=\"http:\/\/www.youtube.com\/v\/FjGT-8Rp6fI&amp;hl=de_DE&amp;fs=1\"><\/param><param name=\"allowFullScreen\" value=\"true\"><\/param><param name=\"allowscriptaccess\" value=\"always\"><\/param><\/object><\/p>\n","protected":false},"excerpt":{"rendered":"<p>Es ist soweit, Apple beginnt mit dem Roll-Out der gro\u00dfen &#8222;Nimm, was du kriegen kannst&#8220;-Aktion f\u00fcr entt\u00e4uschte Nutzer des iPhone 4. Schon in der Nacht&hellip;<\/p>\n","protected":false},"author":2,"featured_media":0,"comment_status":"open","ping_status":"open","sticky":false,"template":"","format":"standard","meta":{"footnotes":""},"categories":[16],"tags":[88,135,385],"sgb\/featured_image_src":null,"sgb\/author_data":{"display_name":"Andr\u00e9 Vatter","avatar":"https:\/\/secure.gravatar.com\/avatar\/838789e2550a09a9cfda02ae6d536d97?s=96&d=mm&r=g","author_link":"https:\/\/www.avatter.de\/wordpress\/author\/admin\/"},"jetpack_sharing_enabled":true,"jetpack_featured_media_url":"","_links":{"self":[{"href":"https:\/\/www.avatter.de\/wordpress\/wp-json\/wp\/v2\/posts\/1002"}],"collection":[{"href":"https:\/\/www.avatter.de\/wordpress\/wp-json\/wp\/v2\/posts"}],"about":[{"href":"https:\/\/www.avatter.de\/wordpress\/wp-json\/wp\/v2\/types\/post"}],"author":[{"embeddable":true,"href":"https:\/\/www.avatter.de\/wordpress\/wp-json\/wp\/v2\/users\/2"}],"replies":[{"embeddable":true,"href":"https:\/\/www.avatter.de\/wordpress\/wp-json\/wp\/v2\/comments?post=1002"}],"version-history":[{"count":0,"href":"https:\/\/www.avatter.de\/wordpress\/wp-json\/wp\/v2\/posts\/1002\/revisions"}],"wp:attachment":[{"href":"https:\/\/www.avatter.de\/wordpress\/wp-json\/wp\/v2\/media?parent=1002"}],"wp:term":[{"taxonomy":"category","embeddable":true,"href":"https:\/\/www.avatter.de\/wordpress\/wp-json\/wp\/v2\/categories?post=1002"},{"taxonomy":"post_tag","embeddable":true,"href":"https:\/\/www.avatter.de\/wordpress\/wp-json\/wp\/v2\/tags?post=1002"}],"curies":[{"name":"wp","href":"https:\/\/api.w.org\/{rel}","templated":true}]}}