{"id":3409,"date":"2011-05-07T08:47:45","date_gmt":"2011-05-07T07:47:45","guid":{"rendered":"https:\/\/www.avatter.de\/wordpress\/?p=3409"},"modified":"2011-05-07T08:47:45","modified_gmt":"2011-05-07T07:47:45","slug":"seminar-recherche-2-0-so-funktioniert-der-faktencheck-im-social-web","status":"publish","type":"post","link":"https:\/\/www.avatter.de\/wordpress\/2011\/05\/seminar-recherche-2-0-so-funktioniert-der-faktencheck-im-social-web\/","title":{"rendered":"Seminar: Recherche 2.0 &#8211; So funktioniert der Faktencheck im (Social) Web"},"content":{"rendered":"<p><img loading=\"lazy\" decoding=\"async\" class=\"alignleft size-full wp-image-3422\" title=\"screen-capture-201\" src=\"https:\/\/www.avatter.de\/wordpress\/wp-content\/uploads\/2011\/05\/screen-capture-201.png\" alt=\"\" width=\"580\" height=\"337\" srcset=\"https:\/\/www.avatter.de\/wordpress\/wp-content\/uploads\/2011\/05\/screen-capture-201.png 580w, https:\/\/www.avatter.de\/wordpress\/wp-content\/uploads\/2011\/05\/screen-capture-201-300x174.png 300w\" sizes=\"(max-width: 580px) 100vw, 580px\" \/>Zun\u00e4chst noch einmal ein ganz dickes Lob an alle Teilnehmer: ein tolles Publikum, das mit viel Engagement die Rechner anwarf, ebenso interessante wie kniffelige Fragen stellte, mit viel Herzblut Wikipedia-Autoren aufsp\u00fcrte und dubiosen Fake-Profilen hinterherjagte. Danke sch\u00f6n! \ud83d\ude09<\/p>\n<p>Die nachfolgende Pr\u00e4sentation stammt aus dem Seminar &#8222;Recherche 2.0: So funktioniert der Faktencheck im (Social) Web&#8220;, das ich am 6. Mai 2011 f\u00fcr den <a href=\"http:\/\/www.dfjv.de\" target=\"_blank\" rel=\"noopener noreferrer\">Deutschen Fachjournalistenverband<\/a> (<a href=\"http:\/\/www.journalistenkolleg.de\/\" target=\"_blank\" rel=\"noopener noreferrer\">Deutsches Journalistenkolleg<\/a>) und die <a href=\"http:\/\/tla.de\/\" target=\"_blanK\" rel=\"noopener noreferrer\">Akademie Digitale Wirtschaft Hamburg<\/a> (TeleLearn-Akademie) gegeben habe. Aus der Beschreibung:<\/p>\n<blockquote><p>Um langfristig im journalistischen und kommunikativen Wettbewerb zu bestehen, m\u00fcssen Journalisten, PR-Fachleute und Kommunikationsschaffende in der Lage sein, Informationen im Web schnell ermitteln, bewerten und validieren zu k\u00f6nnen. Das Seminar vermittelt hierf\u00fcr das notwendige Know-how. Es wird erl\u00e4utert, warum Google und Wikipedia nicht das Ma\u00df aller Dinge sind, welche Tools eine professionelle und effiziente Recherche sowie ein Monitoring im Web 2.0 vereinfachen.<\/p><\/blockquote>\n<p><!--more--><\/p>\n<p><iframe loading=\"lazy\" src=\"http:\/\/de.slideshare.net\/avatter\/slideshelf\" width=\"760px\" height=\"570px\" frameborder=\"0\" marginwidth=\"0\" marginheight=\"0\" scrolling=\"no\" style=\"border:none;\" allowfullscreen webkitallowfullscreen mozallowfullscreen><\/iframe><\/p>\n<h2>Die Themen im \u00dcberblick:<\/h2>\n<table border=\"0\" width=\"100%\" cellspacing=\"5\" cellpadding=\"5\">\n<tbody>\n<tr>\n<td>#1. Das Internet und Social Media<br \/>\n#2. Das verhinderte Attentat<br \/>\n#3. Aus Fehlern gelernt (dpa)<br \/>\n#4. Know your Google<br \/>\n#5. Traditionelle Quellenfindung<br \/>\n#6. Der &#8222;Ich glaub&#8216; es hackt!&#8220;-Eklat<br \/>\n#7. Website-Analyse<br \/>\n#8. &#8222;Es ist Recherche, kein Stalking!&#8220;<\/td>\n<td>#9. Achtung Wikipedia!<br \/>\n#10. Die liebe Politik<br \/>\n#11. Willkommen im Echtzeitnetz<br \/>\n#13. Das drittgr\u00f6\u00dfte Land der Welt<br \/>\n#14. Exkurs: Bildrecherche<br \/>\n#15. Wie Meldungen entstehen aka<br \/>\n&#8222;Blumenk\u00fcbelgate&#8220;<\/td>\n<\/tr>\n<\/tbody>\n<\/table>\n<h2>Verwendete Videos:<\/h2>\n<ul>\n<li>Social Media Revolution (<a href=\"http:\/\/www.youtube.com\/watch?v=omSKo1OW6CU&amp;feature=related\" target=\"_blank\" rel=\"noopener noreferrer\">Link<\/a>)<\/li>\n<li>Bekennervideo der &#8222;Berlin Boys&#8220; (<a href=\"http:\/\/www.stern.de\/video\/bluewater-skandal-fiktives-bekennervideo-der-berlin-boys-1508232.html\" target=\"_blank\" rel=\"noopener noreferrer\">Link<\/a>)<\/li>\n<li>Standpunkt: Internetwahlkampf 2009 (<a href=\"http:\/\/www.youtube.com\/watch?v=ux_qFHadvFc\" target=\"_blank\" rel=\"noopener noreferrer\">Link<\/a>)<\/li>\n<li>Das Unbehagen der Hauptstadtjournalisten (<a href=\" http:\/\/www.youtube.com\/watch?v=hPr62GZ6jOw\" target=\"_blank\" rel=\"noopener noreferrer\">Link<\/a>)<\/li>\n<li>&#8222;Blumenk\u00fcbel&#8220;: Dramatisierte Lesefassung (<a href=\" http:\/\/www.youtube.com\/watch?v=wPJtkPb5mRg\" target=\"_blank\" rel=\"noopener noreferrer\">Link<\/a>)<\/li>\n<\/ul>\n<p><script src=\"http:\/\/b.scorecardresearch.com\/beacon.js?c1=7&amp;c2=7400849&amp;c3=1&amp;c4=&amp;c5=&amp;c6=\"><\/script><\/p>\n","protected":false},"excerpt":{"rendered":"<p>Zun\u00e4chst noch einmal ein ganz dickes Lob an alle Teilnehmer: ein tolles Publikum, das mit viel Engagement die Rechner anwarf, ebenso interessante wie kniffelige Fragen&hellip;<\/p>\n","protected":false},"author":2,"featured_media":0,"comment_status":"open","ping_status":"open","sticky":false,"template":"","format":"standard","meta":{"footnotes":""},"categories":[10],"tags":[249,250,402,606,674,788],"sgb\/featured_image_src":null,"sgb\/author_data":{"display_name":"Andr\u00e9 Vatter","avatar":"https:\/\/secure.gravatar.com\/avatar\/838789e2550a09a9cfda02ae6d536d97?s=96&d=mm&r=g","author_link":"https:\/\/www.avatter.de\/wordpress\/author\/admin\/"},"jetpack_sharing_enabled":true,"jetpack_featured_media_url":"","_links":{"self":[{"href":"https:\/\/www.avatter.de\/wordpress\/wp-json\/wp\/v2\/posts\/3409"}],"collection":[{"href":"https:\/\/www.avatter.de\/wordpress\/wp-json\/wp\/v2\/posts"}],"about":[{"href":"https:\/\/www.avatter.de\/wordpress\/wp-json\/wp\/v2\/types\/post"}],"author":[{"embeddable":true,"href":"https:\/\/www.avatter.de\/wordpress\/wp-json\/wp\/v2\/users\/2"}],"replies":[{"embeddable":true,"href":"https:\/\/www.avatter.de\/wordpress\/wp-json\/wp\/v2\/comments?post=3409"}],"version-history":[{"count":0,"href":"https:\/\/www.avatter.de\/wordpress\/wp-json\/wp\/v2\/posts\/3409\/revisions"}],"wp:attachment":[{"href":"https:\/\/www.avatter.de\/wordpress\/wp-json\/wp\/v2\/media?parent=3409"}],"wp:term":[{"taxonomy":"category","embeddable":true,"href":"https:\/\/www.avatter.de\/wordpress\/wp-json\/wp\/v2\/categories?post=3409"},{"taxonomy":"post_tag","embeddable":true,"href":"https:\/\/www.avatter.de\/wordpress\/wp-json\/wp\/v2\/tags?post=3409"}],"curies":[{"name":"wp","href":"https:\/\/api.w.org\/{rel}","templated":true}]}}