{"id":3612,"date":"2011-06-05T09:11:48","date_gmt":"2011-06-05T08:11:48","guid":{"rendered":"https:\/\/www.avatter.de\/wordpress\/?p=3612"},"modified":"2011-06-05T09:11:48","modified_gmt":"2011-06-05T08:11:48","slug":"apple-store-am-jungfernstieg-bekommt-ein-windows-logo","status":"publish","type":"post","link":"https:\/\/www.avatter.de\/wordpress\/2011\/06\/apple-store-am-jungfernstieg-bekommt-ein-windows-logo\/","title":{"rendered":"Apple Store am Jungfernstieg bekommt ein Windows-Logo"},"content":{"rendered":"<p><img loading=\"lazy\" decoding=\"async\" src=\"https:\/\/www.avatter.de\/wordpress\/wp-content\/uploads\/2011\/06\/312975129.jpg\" alt=\"\" title=\"312975129\" width=\"580\" height=\"433\" class=\"alignleft size-full wp-image-3613\" srcset=\"https:\/\/www.avatter.de\/wordpress\/wp-content\/uploads\/2011\/06\/312975129.jpg 580w, https:\/\/www.avatter.de\/wordpress\/wp-content\/uploads\/2011\/06\/312975129-300x224.jpg 300w\" sizes=\"(max-width: 580px) 100vw, 580px\" \/><\/p>\n<p>Mein <a href=\"http:\/\/twitpic.com\/44n3ww\" target=\"_blank\" rel=\"noopener noreferrer\">B\u00fcro bei der ZBW<\/a> befindet sich direkt an der Binnenalster. Also gehe ich werktags fast t\u00e4glich an der schwarzen Verkleidung vorbei, hinter der derzeit  der neue Apple Store <a href=\"http:\/\/www.fscklog.com\/2011\/02\/baufortschritt-des-vermeintlichen-apple-store-am-jungfernstieg-12.html\" target=\"_blank\" rel=\"noopener noreferrer\">zusammengezimmert<\/a> wird. Dass der Konzern dort eine Zweigstelle aufmachen wird, d\u00fcrfte nicht l\u00e4nger bezweifelt werden: Wie mir mittgeteilt wurde, sucht Apple zur Zeit flotte Verk\u00e4ufer (siehe auch <a href=\"http:\/\/jobs.apple.com\/index.ajs?BID=2&#038;method=mHvexternal.showPickLocations\" target=\"_blank\" rel=\"noopener noreferrer\">Stellenbeschreibungen<\/a>). Ebenfalls wurde mir mitgeteilt, dass die Schlange der Bewerber immer l\u00e4nger wird.<\/p>\n<p>Als ich vorgestern an dem Geb\u00e4ude direkt neben dem Alsterhaus vorbeilief, staunte ich nicht schlecht, da pl\u00f6tzlich ein gro\u00dfes, leuchtendes Windows-Logo auf dem Bausichtschutz prangte (siehe <a href=\"http:\/\/twitpic.com\/56c55l\" target=\"_blank\" rel=\"noopener noreferrer\">Twitpic<\/a>).<\/p>\n<p>Was zun\u00e4chst nach einem klassischen Geek-Fight aussieht, scheint sich am Ende gar als urbanes Kunstprojekt zu entpuppen. Mittlerweile ist ein Video aufgetaucht, das zeigt, wie das Logo mitten im Feindgebiet angebracht wurde. Das Video ist mit einem Datum markiert (siehe S\u00e4ule links: 3.6) und kann damit also nur wenige Stunden vor meinem Foto aufgenommen worden sein: <!--more--><\/p>\n<p><iframe loading=\"lazy\" src=\"http:\/\/player.vimeo.com\/video\/24653938\" width=\"571\" height=\"314\" frameborder=\"0\"><\/iframe><\/p>\n<p>Die Gruppe hinter der Aktion h\u00f6rt auf den Namen WAV, was f\u00fcr &#8222;We are Visual&#8220; steht. \u00dcber die Guerilla-K\u00fcnstler ist nicht viel bekannt, ich konnte keine Website finden, keinen Twitter-Account. Doch offenbar gibt es eine <a href=\" https:\/\/www.facebook.com\/pages\/Wearevisual\/143541585698969?sk=info\" target=\"_blank\" rel=\"noopener noreferrer\">Facebook-Gruppe<\/a>, die selten gepflegt wird und in der unter &#8222;Info&#8220; die Selbstbeschreibung &#8222;Freie Gestaltung im \u00f6ffentlichen Raum&#8220; zu lesen ist. Videos einiger weniger <a href=\"http:\/\/vimeo.com\/wav\/videos\" target=\"_blank\" rel=\"noopener noreferrer\">vergangener Aktionen<\/a> lassen sich zudem bei Vimeo bestaunen. <\/p>\n<p>Derzeit ist die Gruppe damit besch\u00e4ftigt, die Gruppen auf Vimeo mit Links zum Jungfernstieg-Clip zu fluten. Einige Kunstrunden sind dabei, allerdings auch die eine oder andere Apple-Fangruppe.<\/p>\n<h2>Update, 06.06.2011: &#8222;Ist das Kunst oder kann das weg?&#8220;<\/h2>\n<p>Erwartungsgem\u00e4\u00df hat die Freude nicht lange gehalten. \ud83d\ude09<\/p>\n<p><img loading=\"lazy\" decoding=\"async\" src=\"https:\/\/www.avatter.de\/wordpress\/wp-content\/uploads\/2011\/06\/applestore1.jpg\" alt=\"\" title=\"applestore\" width=\"580\" height=\"777\" class=\"alignleft size-full wp-image-3628\" srcset=\"https:\/\/www.avatter.de\/wordpress\/wp-content\/uploads\/2011\/06\/applestore1.jpg 580w, https:\/\/www.avatter.de\/wordpress\/wp-content\/uploads\/2011\/06\/applestore1-224x300.jpg 224w\" sizes=\"(max-width: 580px) 100vw, 580px\" \/><\/p>\n","protected":false},"excerpt":{"rendered":"<p>Mein B\u00fcro bei der ZBW befindet sich direkt an der Binnenalster. Also gehe ich werktags fast t\u00e4glich an der schwarzen Verkleidung vorbei, hinter der derzeit&hellip;<\/p>\n","protected":false},"author":2,"featured_media":0,"comment_status":"open","ping_status":"open","sticky":false,"template":"","format":"standard","meta":{"footnotes":""},"categories":[7,13],"tags":[88,89,328,407,458,783,786,804],"sgb\/featured_image_src":null,"sgb\/author_data":{"display_name":"Andr\u00e9 Vatter","avatar":"https:\/\/secure.gravatar.com\/avatar\/838789e2550a09a9cfda02ae6d536d97?s=96&d=mm&r=g","author_link":"https:\/\/www.avatter.de\/wordpress\/author\/admin\/"},"jetpack_sharing_enabled":true,"jetpack_featured_media_url":"","_links":{"self":[{"href":"https:\/\/www.avatter.de\/wordpress\/wp-json\/wp\/v2\/posts\/3612"}],"collection":[{"href":"https:\/\/www.avatter.de\/wordpress\/wp-json\/wp\/v2\/posts"}],"about":[{"href":"https:\/\/www.avatter.de\/wordpress\/wp-json\/wp\/v2\/types\/post"}],"author":[{"embeddable":true,"href":"https:\/\/www.avatter.de\/wordpress\/wp-json\/wp\/v2\/users\/2"}],"replies":[{"embeddable":true,"href":"https:\/\/www.avatter.de\/wordpress\/wp-json\/wp\/v2\/comments?post=3612"}],"version-history":[{"count":0,"href":"https:\/\/www.avatter.de\/wordpress\/wp-json\/wp\/v2\/posts\/3612\/revisions"}],"wp:attachment":[{"href":"https:\/\/www.avatter.de\/wordpress\/wp-json\/wp\/v2\/media?parent=3612"}],"wp:term":[{"taxonomy":"category","embeddable":true,"href":"https:\/\/www.avatter.de\/wordpress\/wp-json\/wp\/v2\/categories?post=3612"},{"taxonomy":"post_tag","embeddable":true,"href":"https:\/\/www.avatter.de\/wordpress\/wp-json\/wp\/v2\/tags?post=3612"}],"curies":[{"name":"wp","href":"https:\/\/api.w.org\/{rel}","templated":true}]}}