{"id":808,"date":"2010-01-17T20:12:50","date_gmt":"2010-01-17T19:12:50","guid":{"rendered":"https:\/\/www.avatter.de\/wordpress\/?p=808"},"modified":"2010-01-17T20:12:50","modified_gmt":"2010-01-17T19:12:50","slug":"zahlen-bitte-ein-jahr-basic-thinking-2-0","status":"publish","type":"post","link":"https:\/\/www.avatter.de\/wordpress\/2010\/01\/zahlen-bitte-ein-jahr-basic-thinking-2-0\/","title":{"rendered":"Zahlen, bitte! Ein Jahr Basic Thinking 2.0"},"content":{"rendered":"<p><img loading=\"lazy\" decoding=\"async\" src=\"https:\/\/www.avatter.de\/wordpress\/wp-content\/uploads\/2010\/01\/basicthinking1.png\" alt=\"\" title=\"basicthinking\" width=\"290\" height=\"252\" class=\"alignleft size-full wp-image-814\" \/>Rund 365 Tage sind vergangen, seitdem <a href=\"http:\/\/www.serverloft.de\/\" target=\"_blank\" rel=\"noopener noreferrer\">serverloft<\/a> bei eBay Basic Thinking <a href=\"http:\/\/www.spiegel.de\/netzwelt\/web\/0,1518,601539,00.html\" target=\"_blank\" rel=\"noopener noreferrer\">ersteigerte<\/a> &#8211; Zeit genug also, um erneut einen Kassensturz zu wagen. Die letzten, im August <a href=\"https:\/\/www.avatter.de\/wordpress\/2009\/08\/basic-thinking-bilanz-nach-7-monaten\/\">ver\u00f6ffentlichten Zahlen<\/a> lie\u00dfen sich bereits gut angehen, doch ein Blick auf die ganzen zw\u00f6lf Monate zeigt, dass da noch immer locker Luft nach oben ist. Alle relevanten Daten zum Geburtstag haben wir bereits <a href=\"http:\/\/www.basicthinking.de\/blog\/2010\/01\/15\/basic-thinking-2-0-feiert-den-ersten-geburtstag\/\" target=\"_blank\" rel=\"noopener noreferrer\">auf Basic Thinking<\/a> bekannt gemacht, ich m\u00f6chte im Folgenden noch einmal die nackte Statistik wiedergeben.<\/p>\n<p>Wenige Tage, bevor Robert Basic die <a href=\"http:\/\/www.bild.de\/BILD\/digital\/technikwelt\/2009\/01\/07\/blog-auf-ebay-versteigert\/robert-basic-verkauft-sein-online-tagebuch.html\" target=\"_blank\" rel=\"noopener noreferrer\">Auktion<\/a> im Januar 2009 startete, lagen die monatlichen Page Impressions bei 253.903. Ein Jahr sp\u00e4ter sind wir bei 462.088 PIs angekommen. \u00c4hnlich verh\u00e4lt es sich mit den Unique Visitors, deren Anzahl von 185.116 auf 335.247 kletterte; damit schauen pro Tag mehr als 11.000 Menschen bei Basic Thinking vorbei (<a href=\"http:\/\/www.basicthinking.de\/blog\/upload\/bt-statistik-gross.png\" target=\"_blank\" rel=\"noopener noreferrer\">Diagramm zur Ansicht<\/a>). Gut m\u00f6glich, dass sich einige von ihnen verklickt haben, doch dann gibt es wiederum eine Z\u00e4hlung der Returning Visitors. Vor der Auktion ergab sie immerhin 52.352 wiederkehrende Besucher. Heute sind es 92.085.<\/p>\n<p>Eine \u00e4hnliche Entwicklung l\u00e4sst sich auch bei den Social Media-Seitenarmen des Blogs verfolgen. Bei Twitter konnten bis zur Stunde rund 5.600 Leser als Follower gewonnen werden (<a href=\"http:\/\/twitter.com\/basicthinking\" target=\"_blank\" rel=\"noopener noreferrer\">jetzt folgen<\/a>), die im Oktober 2009 freigeschaltete Facebook-Seite hat heute knapp 700 &#8222;Fans&#8220; (und nat\u00fcrlich <a href=\"http:\/\/www.facebook.com\/basicthinking\" target=\"_blank\" rel=\"noopener noreferrer\">Fan<\/a> werden). <!--more--><\/p>\n<p>Wie im Blog-Post vermerkt, freut mich die Steigerung von Zugriffs- und Besucherzahlen nat\u00fcrlich au\u00dferordentlich. Wirklich gl\u00fccklich macht mich aber der Umstand, dass Basic Thinking es geschafft hat, gleich zwei Gegnern die Stirn zu bieten: zum einen den ungeduldigen (und zum Teil <a href=\"http:\/\/www.alles2null.de\/basicthinking-so-wird-das-nichts\/\" target=\"_blank\" rel=\"noopener noreferrer\">unfairen<\/a>) Kritikern der Auktion und des neuen Redaktionsteams. Und zum anderen dem anhaltenden Trend der Trackback-Flucht, der sich in erster Linie in den <a href=\"http:\/\/www.deutscheblogcharts.de\/archiv\/2010-2.html\" target=\"_blank\" rel=\"noopener noreferrer\">Blogcharts<\/a> abzeichnet. Vor genau einem Jahr habe ich im <a href=\"http:\/\/www.basicthinking.de\/blog\/2009\/01\/17\/fangen-wir-an\/\" target=\"_blank\" rel=\"noopener noreferrer\">ersten Post<\/a> auf Basic Thinking vermerkt: &#8222;Ja, und da steht man nun. In Roberts Schatten und seinen Fu\u00dfstapfen. Und da jeder Versuch hineinzupassen wohl unweigerlich scheitern w\u00fcrde, machen wir zwischenzeitlich das, was wir am besten k\u00f6nnen: unser Ding.&#8220; Und es hat geklappt! <a href=\"http:\/\/twitter.com\/hluecke\" target=\"_blank\" rel=\"noopener noreferrer\">Dank<\/a> <a href=\"http:\/\/twitter.com\/Spikymarry\" target=\"_blank\" rel=\"noopener noreferrer\">toller<\/a> <a href=\"http:\/\/twitter.com\/casi\" target=\"_blank\" rel=\"noopener noreferrer\">Kollegen<\/a>, einer Menge verr\u00fcckter Geschichten und einem <a href=\"http:\/\/www.intergenia.de\/en\/company-management.php\" target=\"_blank\" rel=\"noopener noreferrer\">Chef<\/a>, der tats\u00e4chlich hin und wieder Nachsicht zeigt! \ud83d\ude42 <\/p>\n<p>Und weil es so sch\u00f6n war, kommt hier noch einmal ein Mitschnitt der denkw\u00fcrdigen Nacht:<\/p>\n<p><object width=\"560\" height=\"340\"><param name=\"movie\" value=\"http:\/\/www.youtube-nocookie.com\/v\/AUXPZSgMdag&#038;hl=de_DE&#038;fs=1&#038;rel=0&#038;hd=1\"><\/param><param name=\"allowFullScreen\" value=\"true\"><\/param><param name=\"allowscriptaccess\" value=\"always\"><\/param><\/object><\/p>\n<p>&#8230;und dazu Roberts genial medial-entsch\u00e4lte Geschichte, die er uns freundlicherweise <a href=\"http:\/\/www.basicthinking.de\/blog\/2010\/01\/15\/basic-thinking-2-0-feiert-den-ersten-geburtstag\/#comment-890808\" target=\"_blank\" rel=\"noopener noreferrer\">in den Kommentaren<\/a> zur Verf\u00fcgung stellte:<\/p>\n<blockquote><p>Ich mochte Basic Thinking schon immer, seit der \u00dcbernahme noch mehr. \ud83d\ude42 Ich w\u00fcnsche Euch weiterhin so viel Spa\u00df und Erfolg damit. Und es macht mich froh, dass Ihr es gewesen seid, die das Blog \u00fcbernommen haben, wenn ich sehe, was Ihr daraus gemacht habt!<br \/>\nEine nette Randgeschichte zum \u00dcbernahmezeitpunkt: Ich sa\u00df in einem Cafe in Frankfurt und das Fernsehteam vom ARD hielt mit der Cam drauf. Rund 10 Minuten vor Ablauf der Auktion bin ich zusammen mit dem Tonmann vors Cafe eine rauchen. Als wir wieder hochkamen, war die Redaktionsmaus stinkesauer, wo wir denn waren? Die Auktion war mittlerweile beendet. Also mussten wir das Auktionsende nachdrehen, simulierend starrte ich auf den Screen und machte gro\u00dfe Augen. \ud83d\ude42<\/p><\/blockquote>\n<p>In diesem Sinne: auf die n\u00e4chsten 365 Tage!<\/p>\n","protected":false},"excerpt":{"rendered":"<p>Rund 365 Tage sind vergangen, seitdem serverloft bei eBay Basic Thinking ersteigerte &#8211; Zeit genug also, um erneut einen Kassensturz zu wagen. Die letzten, im&hellip;<\/p>\n","protected":false},"author":2,"featured_media":0,"comment_status":"open","ping_status":"open","sticky":false,"template":"","format":"standard","meta":{"footnotes":""},"categories":[3,14],"tags":[101,121,181,689],"sgb\/featured_image_src":null,"sgb\/author_data":{"display_name":"Andr\u00e9 Vatter","avatar":"https:\/\/secure.gravatar.com\/avatar\/838789e2550a09a9cfda02ae6d536d97?s=96&d=mm&r=g","author_link":"https:\/\/www.avatter.de\/wordpress\/author\/admin\/"},"jetpack_sharing_enabled":true,"jetpack_featured_media_url":"","_links":{"self":[{"href":"https:\/\/www.avatter.de\/wordpress\/wp-json\/wp\/v2\/posts\/808"}],"collection":[{"href":"https:\/\/www.avatter.de\/wordpress\/wp-json\/wp\/v2\/posts"}],"about":[{"href":"https:\/\/www.avatter.de\/wordpress\/wp-json\/wp\/v2\/types\/post"}],"author":[{"embeddable":true,"href":"https:\/\/www.avatter.de\/wordpress\/wp-json\/wp\/v2\/users\/2"}],"replies":[{"embeddable":true,"href":"https:\/\/www.avatter.de\/wordpress\/wp-json\/wp\/v2\/comments?post=808"}],"version-history":[{"count":0,"href":"https:\/\/www.avatter.de\/wordpress\/wp-json\/wp\/v2\/posts\/808\/revisions"}],"wp:attachment":[{"href":"https:\/\/www.avatter.de\/wordpress\/wp-json\/wp\/v2\/media?parent=808"}],"wp:term":[{"taxonomy":"category","embeddable":true,"href":"https:\/\/www.avatter.de\/wordpress\/wp-json\/wp\/v2\/categories?post=808"},{"taxonomy":"post_tag","embeddable":true,"href":"https:\/\/www.avatter.de\/wordpress\/wp-json\/wp\/v2\/tags?post=808"}],"curies":[{"name":"wp","href":"https:\/\/api.w.org\/{rel}","templated":true}]}}